{"id":88504,"date":"2022-04-25T15:23:43","date_gmt":"2022-04-25T12:23:43","guid":{"rendered":"https:\/\/drcagatay.com\/retina-hastaliklari\/"},"modified":"2026-02-05T10:35:14","modified_gmt":"2026-02-05T07:35:14","slug":"retinal-diseases","status":"publish","type":"post","link":"https:\/\/drcagatay.com\/en\/retinal-diseases\/","title":{"rendered":"Retinal Diseases"},"content":{"rendered":"\t\t<div data-elementor-type=\"wp-post\" data-elementor-id=\"88504\" class=\"elementor elementor-88504 elementor-487\">\n\t\t\t\t<div class=\"elementor-element elementor-element-46aa0013 e-flex e-con-boxed tm-col-stretched-none tm-bg-color-over-image e-con e-parent\" data-id=\"46aa0013\" data-element_type=\"container\">\n\t\t\t\t\t<div class=\"e-con-inner\">\n\t\t\t\t<div class=\"elementor-element elementor-element-65453847 elementor-widget elementor-widget-text-editor\" data-id=\"65453847\" data-element_type=\"widget\" data-widget_type=\"text-editor.default\">\n\t\t\t\t<div class=\"elementor-widget-container\">\n\t\t\t<style>\/*! elementor - v3.21.0 - 20-05-2024 *\/\n.elementor-widget-text-editor.elementor-drop-cap-view-stacked .elementor-drop-cap{background-color:#69727d;color:#fff}.elementor-widget-text-editor.elementor-drop-cap-view-framed .elementor-drop-cap{color:#69727d;border:3px solid;background-color:transparent}.elementor-widget-text-editor:not(.elementor-drop-cap-view-default) .elementor-drop-cap{margin-top:8px}.elementor-widget-text-editor:not(.elementor-drop-cap-view-default) .elementor-drop-cap-letter{width:1em;height:1em}.elementor-widget-text-editor .elementor-drop-cap{float:left;text-align:center;line-height:1;font-size:50px}.elementor-widget-text-editor .elementor-drop-cap-letter{display:inline-block}<\/style>\t\t\t\t<p data-path-to-node=\"4\"><b class=\"\">Retina<\/b><span class=\"\">,<\/span><span class=\"\"> Latince\u2019de a\u011f anlam\u0131na gelmekte olan \u201crete\u201d k\u00f6k\u00fcnden t\u00fcreyen bir kelimedir.<\/span><span class=\"\"> G\u00f6rme s\u00fcrecinde g\u00f6z i\u00e7indeki son a\u015famay\u0131 ifade etmektedir.<\/span><span class=\"\"> G\u00f6r\u00fcnt\u00fclerin alg\u0131lanmas\u0131 i\u00e7in,<\/span><span class=\"\"> beyin taraf\u0131ndan yorumlanabilir nitelikte elektrik sinyallerine d\u00f6n\u00fc\u015fmesi gerekmektedir.<\/span><\/p><p data-path-to-node=\"5\"><span class=\"\">Bu olay,<\/span><span class=\"\"> <\/span><b class=\"\">\u201cretina\u201d<\/b><span class=\"\"> sayesinde ger\u00e7ekle\u015fmekte olup,<\/span><span class=\"\"> retinan\u0131n \u00e7e\u015fitli nedenlere ba\u011fl\u0131 olarak i\u015flevini kaybetmesi gibi durumlarda bu yap\u0131n\u0131n fonksiyonu bozulur ve g\u00f6rme s\u00fcreci bu durumdan olumsuz etkilenir.<\/span><\/p><h2>Retina Nedir? Retinan\u0131n Yap\u0131s\u0131 Nas\u0131ld\u0131r?<\/h2><p data-path-to-node=\"11\"><b>Retina<\/b> g\u00f6z k\u00fcresinin en arka k\u0131sm\u0131nda yer almakta olan duyusal bir a\u011f tabakas\u0131 olarak tan\u0131mlanabilir. <b>Retina<\/b> i\u00e7erisinde \u0131\u015f\u0131\u011fa duyarl\u0131 milyarlarca g\u00f6rme h\u00fccresi yer almaktad\u0131r. <b>Retina kal\u0131nl\u0131\u011f\u0131<\/b> 0,1 mm ile 0,5 mm aras\u0131nda de\u011fi\u015fmektedir.<\/p><p data-path-to-node=\"12\">Yar\u0131 saydam bir g\u00f6r\u00fcnt\u00fcye sahip olan <b>retina<\/b>, pembe ve k\u0131rm\u0131z\u0131 aras\u0131nda bir renge sahiptir. <b>Retina tabakas\u0131<\/b> g\u00f6z duvar\u0131n\u0131n arkas\u0131n\u0131 tamamen kaplayacak b\u00fcy\u00fckl\u00fcktedir. Birbirinden ayr\u0131 10 farkl\u0131 katmandan olu\u015fur ve g\u00f6z k\u00fcresine tamamen yap\u0131\u015f\u0131k bir halde bulunur.<\/p><p data-path-to-node=\"13\"><b>Retinan\u0131n yap\u0131s\u0131nda<\/b> koni ve \u00e7ubuklar \u015feklinde ikiye ayr\u0131lan 2 \u00e7e\u015fit <b>fotoresept\u00f6r h\u00fccresi<\/b> yer almaktad\u0131r. Retinada yer almakta olan bu h\u00fccreler, \u0131\u015f\u0131k enerjisini i\u015flenebilir olan ve daha sonra g\u00f6rme s\u00fcrecinin tamamland\u0131\u011f\u0131 beyne iletilen elektrik sinyalleri haline getirir. <b>Retina<\/b> yap\u0131s\u0131nda yer alan \u00e7ubuk \u015feklindeki h\u00fccreler, siyah \u2013 beyaz g\u00f6r\u00fc\u015f\u00fc sa\u011flarlar ve d\u00fc\u015f\u00fck \u0131\u015f\u0131k alt\u0131nda g\u00f6rme i\u015flevinin yerine getirilmesinden sorumludurlar.<\/p><h2>Retina \u0130\u015flevini Nas\u0131l Yerine Getirir?<\/h2><p data-path-to-node=\"15\"><b>Retina<\/b> b\u00f6lgesi, d\u0131\u015f ortamdan gelmekte olan \u0131\u015f\u0131k ve \u00e7e\u015fitli g\u00f6r\u00fcnt\u00fclerin alg\u0131land\u0131\u011f\u0131 b\u00f6lge olarak a\u00e7\u0131klanabilir. <b>Retina tabakas\u0131<\/b> \u00fczerine ters olarak d\u00fc\u015fen g\u00f6r\u00fcnt\u00fcler beynin ilgili b\u00f6l\u00fcm\u00fcne do\u011fru iletilir ve beyinde bu iletileri yorumlar. Bu sayede g\u00f6rme i\u015flevi ba\u015far\u0131l\u0131 bir \u015fekilde yerine getirilmi\u015f olur.<\/p><p data-path-to-node=\"16\">Kornea ve g\u00f6z i\u00e7i lens b\u00f6lgesinden ge\u00e7en \u0131\u015f\u0131\u011f\u0131n d\u00fc\u015ft\u00fc\u011f\u00fc ve merkezi g\u00f6rme i\u015flevini yerine getirmekten sorumlu olan b\u00f6lge ise <b>makula<\/b> olarak bilinmektedir. Makulan\u0131n merkezindeyse <b>fovea<\/b> olarak isimlendirilen k\u00fc\u00e7\u00fck bir alan bulunur. Bu alandaysa sadece koni h\u00fccreleri yer al\u0131r. Retinada <b>maksimum g\u00f6rme netli\u011fi<\/b> ve keskinli\u011finin sa\u011flanabilmesi, renkli g\u00f6rme i\u015flevinin yerine getirilmesiyle sorumlu b\u00f6lgedir.<\/p><h2>Retina Hastal\u0131klar\u0131 Nelerdir?<\/h2><p data-path-to-node=\"18\"><b>Retina hastal\u0131klar\u0131<\/b> bir\u00e7ok ki\u015fi taraf\u0131ndan ara\u015ft\u0131r\u0131lan ve merak edilen bir konu olarak \u00f6ne \u00e7\u0131k\u0131yor. <b>Retina dokusu<\/b> ya da \u00e7evresinde ya\u015fanan \u00e7e\u015fitli hastal\u0131klar, retina \u00fczerinde yer alan a\u011f dokular\u0131ndan birisinde ya da retinan\u0131n belirli bir b\u00f6lgesinde ortaya \u00e7\u0131kabilmektedir. Bu noktada ortaya \u00e7\u0131kacak hastal\u0131klar b\u00f6lgeyi etkileyebilece\u011fi gibi ba\u015fta damar dokular\u0131 olmak \u00fczere \u00e7evre dokular\u0131 da etkileyebilmektedir. <b>Retina hastal\u0131klar\u0131<\/b> \u015fu \u015fekilde listelenebilir;<\/p><ul><li data-path-to-node=\"19,0,0\">\u015eeker ya da y\u00fcksek tansiyon hastal\u0131klar\u0131na ba\u011fl\u0131 olarak geli\u015fen kanamalar (<b>Diyabetik Retinopati<\/b>)<\/li><li data-path-to-node=\"19,1,0\"><b>Retina<\/b> \u00fczerinde yer alan damar a\u011f\u0131 i\u00e7erisinde ya\u015fanan, \u00e7e\u015fitli nedenlerden kaynaklanan kanamalar<\/li><li data-path-to-node=\"19,2,0\"><b>Retina<\/b> \u00fczerinde ya\u015fanan minimal y\u0131rt\u0131klar<\/li><li data-path-to-node=\"19,3,0\"><b>Sar\u0131 nokta hastal\u0131\u011f\u0131<\/b> ya da di\u011fer bir ismiyle <b>ya\u015fa ba\u011fl\u0131 makula dejenerasyonu<\/b><\/li><li data-path-to-node=\"19,4,0\">Do\u011fumsal kaynakl\u0131 <b>retinal hastal\u0131klar<\/b><\/li><li data-path-to-node=\"19,5,0\"><b>Retina<\/b> alt\u0131 b\u00f6lgede s\u0131v\u0131 ve \u00f6dem birikmesi<\/li><li data-path-to-node=\"19,6,0\"><b>Makula<\/b> b\u00f6lgesinde olu\u015fan delikler<\/li><li data-path-to-node=\"19,7,0\">Y\u00fcksek dereceli miyopa ba\u011fl\u0131 olarak geli\u015fen komplikasyonlar<\/li><li data-path-to-node=\"19,8,0\"><b>Retina<\/b> y\u00fczeyi ya da etraf\u0131nda ortaya \u00e7\u0131kan iyi \/ k\u00f6t\u00fc huylu t\u00fcm\u00f6rler<\/li><li data-path-to-node=\"19,9,0\"><b>Retinitis pigmentosa (Tavuk karas\u0131 hastal\u0131\u011f\u0131)<\/b><\/li><li data-path-to-node=\"19,10,0\">G\u00f6z travmalar\u0131na ba\u011fl\u0131 olarak genel g\u00f6z yap\u0131s\u0131nda hasarlar ger\u00e7ekle\u015fmesi<\/li><\/ul><h2>Retina Hastal\u0131klar\u0131 Hangi Nedenlere Ba\u011fl\u0131 Olarak Ortaya \u00c7\u0131kar? Belirtileri Nelerdir?<\/h2><p data-path-to-node=\"21\"><b>Retina hastal\u0131klar\u0131<\/b> bir\u00e7ok farkl\u0131 nedenden kaynaklanabilmektedir. En s\u0131k kar\u015f\u0131la\u015f\u0131lan <b>retina hastal\u0131\u011f\u0131 nedenleri<\/b> \u015fu \u015fekilde s\u0131ralanabilir;<\/p><ul><li data-path-to-node=\"22,0,0\">Do\u011fumsal ya da kal\u0131tsal k\u00f6kenli \u00e7e\u015fitli hastal\u0131klar<\/li><li data-path-to-node=\"22,1,0\">Damar sisteminde yer alan \u00e7e\u015fitli yap\u0131sal ya da fonksiyonel bozukluklar<\/li><li data-path-to-node=\"22,2,0\"><b>Diyabet<\/b> ya da <b>hipertansiyon<\/b> gibi sistematik rahats\u0131zl\u0131klar<\/li><li data-path-to-node=\"22,3,0\">Ya\u015f\u0131n ilerlemesine ba\u011fl\u0131 olarak geli\u015fim g\u00f6steren <b>makula dejenerasyonu<\/b><\/li><li data-path-to-node=\"22,4,0\">\u0130la\u00e7 kullan\u0131m\u0131na ba\u011fl\u0131 olarak geli\u015fmekte olan <b>retinal hasarlar<\/b><\/li><li data-path-to-node=\"22,5,0\"><b>Retina y\u0131rt\u0131klar\u0131<\/b>, ayr\u0131lmas\u0131 ya da g\u00f6z i\u00e7erisinde geli\u015fen t\u00fcm\u00f6rler<\/li><\/ul><p data-path-to-node=\"23\"><b>Retina hastal\u0131klar\u0131 belirtileri<\/b> genellikle baz\u0131 karakteristik \u00f6zellikler ta\u015f\u0131maktad\u0131r. Bu y\u00fczden di\u011fer g\u00f6z hastal\u0131klar\u0131na g\u00f6re tespit edilmesi daha kolay olarak bilinmektedir. Belirtiler genellikle ki\u015fi taraf\u0131ndan anla\u015f\u0131labilecek kadar a\u00e7\u0131k bir \u015fekilde geli\u015fmektedir. Bu belirtilerin ortaya \u00e7\u0131kt\u0131\u011f\u0131 anda, ki\u015finin kendisinde <b>retinal hastal\u0131klar\u0131n\u0131<\/b> var oldu\u011funu d\u00fc\u015f\u00fcnd\u00fc\u011f\u00fc anda uzman hekime ba\u015fvurmas\u0131 son derece \u00f6nemli bir nokta olarak \u00f6ne \u00e7\u0131kmaktad\u0131r.<\/p><p data-path-to-node=\"24\"><b>Erken tan\u0131<\/b> ve buna y\u00f6nelik olarak uygulanacak tedavi y\u00f6ntemleri sayesinde <b>kal\u0131c\u0131 g\u00f6rme kayb\u0131<\/b> gibi bozukluklar\u0131n \u00f6nlenmesi ve <b>g\u00f6z sa\u011fl\u0131\u011f\u0131n\u0131n<\/b> m\u00fcmk\u00fcn olan en \u00fcst d\u00fczeyde korunmas\u0131 sa\u011flanabilecektir. <b>Retina hastal\u0131klar\u0131nda<\/b> g\u00f6r\u00fclen belirtileri genel olarak \u015fu \u015fekilde s\u0131ralamak m\u00fcmk\u00fcnd\u00fcr;<\/p><ul><li data-path-to-node=\"25,0,0\">G\u00f6r\u00fc\u015f alan\u0131nda ani bir \u015fekilde beliren <b>siyah renkli, nokta \u015feklinde u\u00e7u\u015fan cisimler<\/b> ortaya \u00e7\u0131kmas\u0131 (<b>Floaterlar<\/b>)<\/li><li data-path-to-node=\"25,1,0\">Tek g\u00f6zde ya da her iki g\u00f6zde de ya\u015fanan <b>ani \u0131\u015f\u0131k belirmesi (Fla\u015flar)<\/b><\/li><li data-path-to-node=\"25,2,0\">Miyop ya da astigmat gibi g\u00f6rme bozukluklar\u0131 olmamas\u0131na kar\u015f\u0131n <b>bulan\u0131k bir g\u00f6r\u00fc\u015f<\/b> ortaya \u00e7\u0131kmas\u0131<\/li><li data-path-to-node=\"25,3,0\">Periferik g\u00f6r\u00fc\u015f kabiliyetinde a\u015famal\u0131 olarak azalmalar\u0131n ger\u00e7ekle\u015fmesi<\/li><li data-path-to-node=\"25,4,0\">G\u00f6r\u00fc\u015f alan\u0131 i\u00e7erisinde a\u015famal\u0131 olarak ger\u00e7ekle\u015fen <b>g\u00f6lgelenmeler<\/b><\/li><li data-path-to-node=\"25,5,0\">\u00d6zellikle de d\u00fcz \u00e7izgilere bakarken ya\u015fanan <b>e\u011filme ve b\u00fck\u00fclmelerin<\/b> meydana gelmesi<\/li><li data-path-to-node=\"25,6,0\">Renklerin normalde oldu\u011fundan daha soluk bir \u015fekilde g\u00f6r\u00fclmesi<\/li><li data-path-to-node=\"25,7,0\">Daha net ve keskin bir g\u00f6r\u00fc\u015f i\u00e7in normalden daha fazla \u0131\u015f\u0131\u011fa ihtiya\u00e7 duyulmas\u0131<\/li><li data-path-to-node=\"25,8,0\">\u00c7ok ve kaliteli \u0131\u015f\u0131kl\u0131 bir ortamdan daha az \u0131\u015f\u0131kl\u0131 bir ortama ge\u00e7i\u015f yap\u0131ld\u0131\u011f\u0131 anda g\u00f6r\u00fc\u015f keskinli\u011finin d\u00fc\u015fmesi, g\u00f6rmede zorluk ya\u015fama ya da g\u00f6r\u00fc\u015f\u00fcn normalden daha fazla bulan\u0131k bir hal almas\u0131<\/li><\/ul><h2>Sar\u0131 Nokta Hastal\u0131\u011f\u0131<\/h2><p data-path-to-node=\"27\"><b>Sar\u0131 nokta hastal\u0131\u011f\u0131<\/b> ya da bilimsel ismi ile <b>ya\u015fa ba\u011fl\u0131 makula dejenerasyonu (YBMD)<\/b>, <b>retina<\/b> \u00fczerinde yer almakta olan sar\u0131 nokta olarak adland\u0131r\u0131lan, <b>makula<\/b> b\u00f6lgesinde meydana gelmektedir. Bu b\u00f6lgede yer alan <b>fotoresept\u00f6r h\u00fccrelerinin<\/b> ileri seviyede yitirilmesi ile birlikte ortaya \u00e7\u0131kan bir kay\u0131pt\u0131r.<\/p><p data-path-to-node=\"28\">\u00d6zellikle de <b>55 ya\u015f \u00fcst\u00fcndeki hastalarda<\/b> ya\u015fanmakta olan g\u00f6rme kay\u0131plar\u0131n\u0131n \u00f6nemli bir nedeni olarak kabul edilmektedir. Hastal\u0131k genellikle s\u00fcrekli ilerleyen bir yap\u0131ya sahiptir. Fakat <b>tamamen k\u00f6rl\u00fck<\/b> gibi bir durumla sonu\u00e7lanmas\u0131 da ihtimal dahilinde kabul edilmemektedir.<\/p><p data-path-to-node=\"29\">G\u00f6r\u00fc\u015fte <b>bulan\u0131kl\u0131klar\u0131n<\/b> ya\u015fanmas\u0131, <b>d\u00fcz \u00e7izgilerin e\u011fik bir \u015fekilde g\u00f6r\u00fclmesi (Metamorfopsi)<\/b> ve ince detaylar\u0131n g\u00f6r\u00fclmemesi ya da g\u00f6r\u00fclmesinde zorluk ya\u015fanmas\u0131 en fazla kar\u015f\u0131la\u015f\u0131lan <b>sar\u0131 nokta hastal\u0131\u011f\u0131 belirtileri<\/b> aras\u0131nda kabul edilmektedir.<\/p><p data-path-to-node=\"30\"><b>Sar\u0131 nokta hastal\u0131\u011f\u0131n\u0131n erken d\u00f6nemde te\u015fhis edilmesi<\/b>, etkin bir tedavinin uygulanabilmesi a\u00e7\u0131s\u0131ndan son derece \u00f6nemli bir nokta olarak \u00f6ne \u00e7\u0131kmaktad\u0131r. Hastal\u0131\u011f\u0131n ilerleyi\u015finin yava\u015flat\u0131lmas\u0131 a\u00e7\u0131s\u0131ndan <b>antioksidan g\u0131da takviyesi<\/b> yap\u0131lmas\u0131 ya da <b>g\u00f6z i\u00e7ine enjeksiyon<\/b> yap\u0131lmas\u0131 gibi tedavi y\u00f6ntemleri izlenmektedir.<\/p><p data-path-to-node=\"31\">Ek olarak uygun durumdaki hastalar i\u00e7in <b>macro \u2013 vision \/ makrovizyon<\/b> olarak bilinen, g\u00f6z i\u00e7ine yerle\u015ftirilen lensler de tedavi y\u00f6ntemleri aras\u0131nda yer almaktad\u0131r. Bu tedavi yap\u0131lmadan \u00f6nce sim\u00fclasyon testi uygulan\u0131r. Bu sim\u00fclasyon sayesinde hastan\u0131n g\u00f6rmesinde y\u00fczde ka\u00e7l\u0131k bir d\u00fczelme elde edilebilece\u011fi belirlenmi\u015f olur.<\/p><h2>Sar\u0131 Nokta Hastal\u0131\u011f\u0131 Nedenleri<\/h2><p data-path-to-node=\"33\"><b>Sar\u0131 nokta hastal\u0131\u011f\u0131 nedenleri<\/b> farkl\u0131l\u0131k g\u00f6stermektedir. <b>Sar\u0131 nokta hastal\u0131\u011f\u0131<\/b> bir\u00e7ok nedenden kaynaklanabilir olsa da en \u00e7ok rastlanan nedenleri \u015fu \u015fekilde listelemek m\u00fcmk\u00fcnd\u00fcr;<\/p><ul><li data-path-to-node=\"34,0,0\">\u00d6zellikle de <b>ya\u015f\u0131n 55\u2019i ge\u00e7mi\u015f olmas\u0131<\/b> (<b>sar\u0131 nokta hastal\u0131\u011f\u0131n\u0131n<\/b> en s\u0131k kar\u015f\u0131la\u015f\u0131lan nedeni olarak kabul edilmektedir)<\/li><li data-path-to-node=\"34,1,0\">Aile i\u00e7erisinde <b>sar\u0131 nokta hastal\u0131\u011f\u0131n\u0131n<\/b> g\u00f6r\u00fclmesi ya da <b>kal\u0131tsal yatk\u0131nl\u0131k<\/b><\/li><li data-path-to-node=\"34,2,0\">Beyaz \u0131rka mensup ki\u015filerde <b>sar\u0131 nokta hastal\u0131\u011f\u0131<\/b> daha s\u0131k g\u00f6r\u00fcl\u00fcr<\/li><li data-path-to-node=\"34,3,0\"><b>Sigara kullan\u0131m\u0131<\/b><\/li><\/ul><h2>Sar\u0131 Nokta Hastal\u0131\u011f\u0131 Risk Fakt\u00f6rleri<\/h2><p data-path-to-node=\"36\"><b>Sar\u0131 nokta hastal\u0131\u011f\u0131 risk grubu<\/b> daha \u00f6nce de ifade etti\u011fimiz gibi \u00f6zellikle de <b>55 ya\u015f\u0131n \u00fcst\u00fcndeki ki\u015filerdir<\/b>. Genel olarak risk fakt\u00f6rleri ise \u015fu \u015fekilde \u00f6ne \u00e7\u0131kmaktad\u0131r;<\/p><ul><li data-path-to-node=\"37,0,0\">Cinsiyetin <b>kad\u0131n olmas\u0131<\/b> (istatistiksel olarak bak\u0131ld\u0131\u011f\u0131nda <b>sar\u0131 nokta hastal\u0131\u011f\u0131<\/b> kad\u0131nlarda daha fazla g\u00f6r\u00fclmektedir).<\/li><li data-path-to-node=\"37,1,0\">Y\u00fcksek kolesterol ya da <b>diyabet<\/b> gibi kronik rahats\u0131zl\u0131klar\u0131n varl\u0131\u011f\u0131<\/li><li data-path-to-node=\"37,2,0\">Kan bas\u0131nc\u0131n\u0131n normalden daha y\u00fcksek olmas\u0131<\/li><li data-path-to-node=\"37,3,0\">A\u00e7\u0131k tonda g\u00f6z rengine sahip olmak<\/li><li data-path-to-node=\"37,4,0\">Miyop ya da astigmat gibi <b>g\u00f6z hastal\u0131klar\u0131na<\/b> sahip olmak<\/li><li data-path-to-node=\"37,5,0\">Kalp ve damar yollar\u0131na ili\u015fkin hastal\u0131klar<\/li><li data-path-to-node=\"37,6,0\">G\u00fcne\u015fe normalden daha fazla maruz kalmak<\/li><li data-path-to-node=\"37,7,0\">Beslenme d\u00fczeninde bal\u0131\u011fa yeteri kadar yer verilmemesi<\/li><\/ul><h2>Diyabetik Retinopati<\/h2><p data-path-to-node=\"39\"><b>Diyabetik retinopati<\/b> \u00fclkemizde ve d\u00fcnyada en s\u0131k kar\u015f\u0131la\u015f\u0131lan <b>k\u00f6rl\u00fck nedeni<\/b> olarak bilinmektedir. \u015eeker hastal\u0131\u011f\u0131n\u0131n ilk ba\u015flang\u0131c\u0131n\u0131n ard\u0131ndan 10 y\u0131l ge\u00e7mesiyle birlikte ortaya \u00e7\u0131kabilmektedir. <b>Retina<\/b> b\u00f6lgesinde yer almakta olan <b>kan damarlar\u0131n\u0131n yap\u0131s\u0131n\u0131n bozulmas\u0131<\/b> ya da yap\u0131sal de\u011fi\u015fikliklerin ger\u00e7ekle\u015fmesiyle birlikte ortaya \u00e7\u0131kmaktad\u0131r.<\/p><p data-path-to-node=\"40\">Hastal\u0131k \u00f6zellikle de <b>k\u0131lcal damarlar\u0131n t\u0131kanmas\u0131<\/b> \u015feklinde kendini g\u00f6stermektedir. <b>Retina<\/b> farkl\u0131 t\u00fcrlerde hasarlar\u0131n meydana gelmesine neden olabilmektedir. Genel olarak hastal\u0131\u011f\u0131n ba\u015flang\u0131\u00e7 a\u015famas\u0131nda g\u00f6rme kayb\u0131 durumlara rastlan\u0131lmaz fakat hastal\u0131\u011f\u0131n ileri a\u015famalara ge\u00e7mesiyle birlikte <b>g\u00f6rme yetisinin tamamen yitirilmesi<\/b> ihtimaller dahilinde kabul edilmektedir. Bu nedenle t\u0131pk\u0131 <b>sar\u0131 nokta hastal\u0131\u011f\u0131ndaki<\/b> gibi <b>erken te\u015fhis<\/b> son derece \u00f6nemli bir nokta olarak kar\u015f\u0131m\u0131za \u00e7\u0131kmaktad\u0131r.<\/p><p data-path-to-node=\"41\">Hastal\u0131\u011f\u0131n ilerleyi\u015finin kontrol alt\u0131na al\u0131nmas\u0131 ve <b>k\u00f6rl\u00fck<\/b> gibi komplikasyonlar\u0131n geli\u015fmemesi ad\u0131na kilo ve <b>kan \u015fekerinin kontrol alt\u0131na al\u0131nmas\u0131<\/b>, d\u00fczenli bir \u015fekilde takip edilmesi son derece \u00f6nemli bir noktad\u0131r. Ayr\u0131ca <b>retinada yeni damarlar\u0131n<\/b> olu\u015fmas\u0131 da muhtemeldir.<\/p><p data-path-to-node=\"42\">Bu noktada damar olu\u015fumunun engellenmesi i\u00e7in <b>lazer tedavisi<\/b> uygulanmas\u0131 gerekebilir. <b>G\u00f6z i\u00e7i kanama<\/b> gibi komplikasyonlar geli\u015fmeden \u00f6nce tedaviye ba\u015flanmas\u0131 daha do\u011fru olacakt\u0131r. Bu sayede tedavinin ba\u015far\u0131 oran\u0131 ciddi anlamda artt\u0131r\u0131lm\u0131\u015f olur. Ayr\u0131ca \u015fiddetli kanaman\u0131n g\u00f6r\u00fcld\u00fc\u011f\u00fc vakalarda <b>lazer tedavisi<\/b> tercih edilmemektedir.<\/p><p><span style=\"color: #008080;\"><strong>Retina hastal\u0131klar\u0131 hakk\u0131nda sorular\u0131n\u0131z i\u00e7in bize Whatsapp ileti\u015fim hatt\u0131m\u0131zdan ula\u015fabilirsiniz.<\/strong><\/span><\/p><p><a href=\"https:\/\/api.whatsapp.com\/send?phone=905339752396\"><img fetchpriority=\"high\" decoding=\"async\" class=\"alignnone wp-image-609 size-full\" src=\"https:\/\/lotusgoz.com\/wp-content\/uploads\/2022\/05\/whatsapp-iletisim-hatti.jpg\" alt=\"whatsapp ileti\u015fim hatt\u0131\" width=\"1200\" height=\"200\" srcset=\"https:\/\/drcagatay.com\/wp-content\/uploads\/2022\/05\/whatsapp-iletisim-hatti.jpg 1200w, https:\/\/drcagatay.com\/wp-content\/uploads\/2022\/05\/whatsapp-iletisim-hatti-600x100.jpg 600w, https:\/\/drcagatay.com\/wp-content\/uploads\/2022\/05\/whatsapp-iletisim-hatti-300x50.jpg 300w, https:\/\/drcagatay.com\/wp-content\/uploads\/2022\/05\/whatsapp-iletisim-hatti-1024x171.jpg 1024w, https:\/\/drcagatay.com\/wp-content\/uploads\/2022\/05\/whatsapp-iletisim-hatti-768x128.jpg 768w\" sizes=\"(max-width: 1200px) 100vw, 1200px\" \/><\/a><\/p><h2>Retina Dekolman\u0131<\/h2><p data-path-to-node=\"45\"><b>Retina dekolman\u0131<\/b>, <b>retina dokusunun<\/b> birlikte oldu\u011fu ve besledi\u011fi doku ile birbirinden ayr\u0131lmas\u0131yla ortaya \u00e7\u0131kan duruma verilen add\u0131r. Ani bir \u015fekilde geli\u015fim g\u00f6stermekte olan bir hastal\u0131kt\u0131r. <b>Acil bir \u015fekilde m\u00fcdahale<\/b> edilmedi\u011fi takdirde <b>kal\u0131c\u0131 k\u00f6rl\u00fck<\/b> gibi komplikasyonlar\u0131n g\u00f6r\u00fclme ihtimali vard\u0131r. \u0130lerleyici bir yap\u0131ya sahip olan <b>retina dekolman\u0131<\/b> \u015fu belirtilerle kendini g\u00f6stermektedir;<\/p><ul><li data-path-to-node=\"46,0,0\">U\u00e7u\u015fan <b>siyah noktac\u0131klar<\/b> (<b>Floaterlar<\/b>)<\/li><li data-path-to-node=\"46,1,0\">G\u00f6zde ani <b>\u015fim\u015fek \u00e7akmas\u0131<\/b> \u015feklinde ortaya \u00e7\u0131kan g\u00f6r\u00fcnt\u00fcler (<b>Fotopsi<\/b>)<\/li><li data-path-to-node=\"46,2,0\">\u00d6zellikle de d\u00fc\u015f\u00fck \u0131\u015f\u0131k alt\u0131nda <b>bulan\u0131k g\u00f6rme<\/b><\/li><li data-path-to-node=\"46,3,0\"><b>G\u00f6rme alan\u0131nda belirgin bir \u015fekilde daralman\u0131n<\/b> ortaya \u00e7\u0131kmas\u0131 (<b>Periferik g\u00f6lge<\/b>)<\/li><\/ul><p data-path-to-node=\"47\">Hastal\u0131k farkl\u0131 tiplerde g\u00f6r\u00fclmektedir. En yayg\u0131n tip olan <b>Eksudatif tipin<\/b> tedavisinde <b>g\u00f6z i\u00e7ine enjeksiyon y\u00f6ntemi<\/b> kullan\u0131lmaktad\u0131r. Di\u011fer t\u00fcrlerin ortaya \u00e7\u0131k\u0131\u015f\u0131ndaki en b\u00fcy\u00fck neden ise <b>retina dokusu<\/b> \u00fczerinde yer alan dokularda meydana gelen <b>y\u0131rt\u0131lmalar<\/b> olarak bilinmektedir. Bu tip durumlarda <b>cerrahi m\u00fcdahale<\/b> gereksinimi ortaya \u00e7\u0131kabilmektedir.<\/p><p data-path-to-node=\"48\">E\u011fer <b>cerrahi m\u00fcdahale<\/b> ihtiyac\u0131 bulunuyorsa m\u00fcmk\u00fcn olan <b>en k\u0131sa s\u00fcrede<\/b> ger\u00e7ekle\u015ftirmelidir. Hastal\u0131k ilerledik\u00e7e ameliyat\u0131n ba\u015far\u0131 oran\u0131nda d\u00fc\u015f\u00fc\u015f g\u00f6r\u00fcl\u00fcr. Her ne olursa olsun belirtileri ta\u015f\u0131d\u0131\u011f\u0131n\u0131z\u0131 d\u00fc\u015f\u00fcn\u00fcyorsan\u0131z <b>acilen uzman hekime<\/b> ba\u015fvurmal\u0131s\u0131n\u0131z. <b>Erken tan\u0131<\/b>, hem <b>kal\u0131c\u0131 k\u00f6rl\u00fck<\/b> gibi komplikasyonlar\u0131n \u00f6nlenmesinde hem de ba\u015far\u0131l\u0131 tedavi uygulanmas\u0131nda son derece kritik bir \u00f6neme sahiptir.<\/p><h2>Retinitis Pigmentosa (Gece K\u00f6rl\u00fc\u011f\u00fc)<\/h2><p data-path-to-node=\"50\"><b>Gece k\u00f6rl\u00fc\u011f\u00fc<\/b> ya da t\u0131bbi ad\u0131yla <b>niktalopi<\/b>, g\u00f6z\u00fcn iyi ayd\u0131nlat\u0131lan bir ortamdan karanl\u0131k bir ortama ge\u00e7i\u015fte uyum s\u0131k\u0131nt\u0131s\u0131 ya\u015famas\u0131 olarak a\u00e7\u0131klanabilir. <b>Retinitis pigmentosa<\/b> tamamen <b>genetik fakt\u00f6rlere<\/b> dayanan bir hastal\u0131k olarak bilinmektedir.<\/p><p data-path-to-node=\"51\">Hastal\u0131\u011f\u0131n g\u00f6rme kayb\u0131 gibi ciddi komplikasyonlara neden olmad\u0131\u011f\u0131 g\u00f6r\u00fclmektedir. <b>Retinitis pigmentosa<\/b>, destekleyici ila\u00e7 takviyeleri kullan\u0131larak seyri hafifletilebilen bir hastal\u0131kt\u0131r. Etkin tedavi y\u00f6ntemleriyle ya\u015fam kalitesini artt\u0131rmak m\u00fcmk\u00fcnd\u00fcr.<\/p><h2>Retina Muayenesi Tan\u0131 Y\u00f6ntemleri<\/h2><p data-path-to-node=\"53\"><b>Retina hastal\u0131klar\u0131 tan\u0131s\u0131<\/b> muayene esnas\u0131nda kullan\u0131lan \u00e7e\u015fitli y\u00f6ntemlerle konulmaktad\u0131r. <b>Retina muayenesinde<\/b> ilk olarak g\u00f6rme muayenesi, g\u00f6z i\u00e7i bas\u0131n\u00e7 \u00f6l\u00e7\u00fcm\u00fc ve biyomikroskobik muayene uygulan\u0131r. Ayr\u0131ca <b>retina muayenesinde<\/b> daha do\u011fru inceleme yap\u0131labilmesi ad\u0131na g\u00f6z bebe\u011fini b\u00fcy\u00fct\u00fcc\u00fc niteli\u011fe sahip olan g\u00f6z damlalar\u0131 kullan\u0131lmaktad\u0131r.<\/p><p data-path-to-node=\"54\"><b>Retina hastal\u0131klar\u0131ndan<\/b> \u015f\u00fcphelenilen bireylere \u015fu testler uygulanabilir;<\/p><ul><li data-path-to-node=\"55,0,0\"><b>G\u00f6z dibi muayenesi<\/b><\/li><li data-path-to-node=\"55,1,0\"><b>Amsler grid testi<\/b> (Sar\u0131 nokta \u015f\u00fcphesi i\u00e7in)<\/li><li data-path-to-node=\"55,2,0\"><b>FFA<\/b> (Floresein Anjiyografi)<\/li><li data-path-to-node=\"55,3,0\"><b>ERG<\/b> (Elektroretinografi)<\/li><li data-path-to-node=\"55,4,0\"><b>OCT<\/b> (Optik Koherens Tomografi)<\/li><li data-path-to-node=\"55,5,0\"><b>EOG<\/b> (Elektrook\u00fclografi)<\/li><li data-path-to-node=\"55,6,0\"><b>ICG<\/b> (\u0130ndosiyanin Ye\u015fili Anjiyografi)<\/li><\/ul><p><span style=\"color: #993366;\"><strong>Instagram\u2019da bizi takip etmek i\u00e7in <span style=\"color: #ff0000;\"><a href=\"https:\/\/www.instagram.com\/doc.dr.halil_huseyin_cagatay\/\">t\u0131klay\u0131n\u0131z<\/a>.<\/span><\/strong><\/span><\/p><p><a href=\"https:\/\/www.instagram.com\/doc.dr.halil_huseyin_cagatay\/\"><img decoding=\"async\" class=\"aligncenter wp-image-1889 size-full\" src=\"https:\/\/lotusgoz.com\/wp-content\/uploads\/2023\/04\/instagram.png\" alt=\"\u0130nstagram\" width=\"1200\" height=\"200\" srcset=\"https:\/\/drcagatay.com\/wp-content\/uploads\/2023\/04\/instagram.png 1200w, https:\/\/drcagatay.com\/wp-content\/uploads\/2023\/04\/instagram-600x100.png 600w, https:\/\/drcagatay.com\/wp-content\/uploads\/2023\/04\/instagram-300x50.png 300w, https:\/\/drcagatay.com\/wp-content\/uploads\/2023\/04\/instagram-1024x171.png 1024w, https:\/\/drcagatay.com\/wp-content\/uploads\/2023\/04\/instagram-768x128.png 768w\" sizes=\"(max-width: 1200px) 100vw, 1200px\" \/><\/a><\/p>\t\t\t\t\t\t<\/div>\n\t\t\t\t<\/div>\n\t\t\t\t\t<\/div>\n\t\t\t\t<\/div>\n\t\t<div class=\"elementor-element elementor-element-c2d914a e-flex e-con-boxed tm-col-stretched-none tm-bg-color-over-image e-con e-parent\" data-id=\"c2d914a\" data-element_type=\"container\">\n\t\t\t\t\t<div class=\"e-con-inner\">\n\t\t\t\t<div class=\"elementor-element elementor-element-cc395d0 elementor-widget elementor-widget-heading\" data-id=\"cc395d0\" data-element_type=\"widget\" data-widget_type=\"heading.default\">\n\t\t\t\t<div class=\"elementor-widget-container\">\n\t\t\t<style>\/*! elementor - v3.21.0 - 20-05-2024 *\/\n.elementor-heading-title{padding:0;margin:0;line-height:1}.elementor-widget-heading .elementor-heading-title[class*=elementor-size-]>a{color:inherit;font-size:inherit;line-height:inherit}.elementor-widget-heading .elementor-heading-title.elementor-size-small{font-size:15px}.elementor-widget-heading .elementor-heading-title.elementor-size-medium{font-size:19px}.elementor-widget-heading .elementor-heading-title.elementor-size-large{font-size:29px}.elementor-widget-heading .elementor-heading-title.elementor-size-xl{font-size:39px}.elementor-widget-heading .elementor-heading-title.elementor-size-xxl{font-size:59px}<\/style><h2 class=\"elementor-heading-title elementor-size-default\">S\u0131k\u00e7a Sorulan Sorular (SSS)<\/h2>\t\t<\/div>\n\t\t\t\t<\/div>\n\t\t\t\t<div class=\"elementor-element elementor-element-f94793e elementor-widget elementor-widget-accordion\" data-id=\"f94793e\" data-element_type=\"widget\" data-widget_type=\"accordion.default\">\n\t\t\t\t<div class=\"elementor-widget-container\">\n\t\t\t<style>\/*! elementor - v3.21.0 - 20-05-2024 *\/\n.elementor-accordion{text-align:start}.elementor-accordion .elementor-accordion-item{border:1px solid #d5d8dc}.elementor-accordion .elementor-accordion-item+.elementor-accordion-item{border-top:none}.elementor-accordion .elementor-tab-title{margin:0;padding:15px 20px;font-weight:700;line-height:1;cursor:pointer;outline:none}.elementor-accordion .elementor-tab-title .elementor-accordion-icon{display:inline-block;width:1.5em}.elementor-accordion .elementor-tab-title .elementor-accordion-icon svg{width:1em;height:1em}.elementor-accordion .elementor-tab-title .elementor-accordion-icon.elementor-accordion-icon-right{float:right;text-align:right}.elementor-accordion .elementor-tab-title .elementor-accordion-icon.elementor-accordion-icon-left{float:left;text-align:left}.elementor-accordion .elementor-tab-title .elementor-accordion-icon .elementor-accordion-icon-closed{display:block}.elementor-accordion .elementor-tab-title .elementor-accordion-icon .elementor-accordion-icon-opened,.elementor-accordion .elementor-tab-title.elementor-active .elementor-accordion-icon-closed{display:none}.elementor-accordion .elementor-tab-title.elementor-active .elementor-accordion-icon-opened{display:block}.elementor-accordion .elementor-tab-content{display:none;padding:15px 20px;border-top:1px solid #d5d8dc}@media (max-width:767px){.elementor-accordion .elementor-tab-title{padding:12px 15px}.elementor-accordion .elementor-tab-title .elementor-accordion-icon{width:1.2em}.elementor-accordion .elementor-tab-content{padding:7px 15px}}.e-con-inner>.elementor-widget-accordion,.e-con>.elementor-widget-accordion{width:var(--container-widget-width);--flex-grow:var(--container-widget-flex-grow)}<\/style>\t\t<div class=\"elementor-accordion\">\n\t\t\t\t\t\t\t<div class=\"elementor-accordion-item\">\n\t\t\t\t\t<h3 id=\"elementor-tab-title-2611\" class=\"elementor-tab-title\" data-tab=\"1\" role=\"button\" aria-controls=\"elementor-tab-content-2611\" aria-expanded=\"false\">\n\t\t\t\t\t\t\t\t\t\t\t\t\t<span class=\"elementor-accordion-icon elementor-accordion-icon-left\" aria-hidden=\"true\">\n\t\t\t\t\t\t\t\t\t\t\t\t\t\t\t<span class=\"elementor-accordion-icon-closed\"><svg class=\"e-font-icon-svg e-fas-plus\" viewBox=\"0 0 448 512\" xmlns=\"http:\/\/www.w3.org\/2000\/svg\"><path d=\"M416 208H272V64c0-17.67-14.33-32-32-32h-32c-17.67 0-32 14.33-32 32v144H32c-17.67 0-32 14.33-32 32v32c0 17.67 14.33 32 32 32h144v144c0 17.67 14.33 32 32 32h32c17.67 0 32-14.33 32-32V304h144c17.67 0 32-14.33 32-32v-32c0-17.67-14.33-32-32-32z\"><\/path><\/svg><\/span>\n\t\t\t\t\t\t\t\t<span class=\"elementor-accordion-icon-opened\"><svg class=\"e-font-icon-svg e-fas-minus\" viewBox=\"0 0 448 512\" xmlns=\"http:\/\/www.w3.org\/2000\/svg\"><path d=\"M416 208H32c-17.67 0-32 14.33-32 32v32c0 17.67 14.33 32 32 32h384c17.67 0 32-14.33 32-32v-32c0-17.67-14.33-32-32-32z\"><\/path><\/svg><\/span>\n\t\t\t\t\t\t\t\t\t\t\t\t\t\t<\/span>\n\t\t\t\t\t\t\t\t\t\t\t\t<a class=\"elementor-accordion-title\" tabindex=\"0\">D\u00fcz \u00e7izgilerin e\u011fik veya k\u0131r\u0131k g\u00f6r\u00fclmesi hangi retina hastal\u0131\u011f\u0131n\u0131n belirtisidir?<\/a>\n\t\t\t\t\t<\/h3>\n\t\t\t\t\t<div id=\"elementor-tab-content-2611\" class=\"elementor-tab-content elementor-clearfix\" data-tab=\"1\" role=\"region\" aria-labelledby=\"elementor-tab-title-2611\"><p>D\u00fcz \u00e7izgilerin e\u011fik veya k\u0131r\u0131k g\u00f6r\u00fclmesi (<b>Metamorfopsi<\/b>), merkezi g\u00f6rmeden sorumlu olan <b>makula<\/b> b\u00f6lgesindeki bir hasar\u0131n veya \u00f6demin tipik belirtisidir. Bu durum, \u00f6zellikle <b>Sar\u0131 Nokta Hastal\u0131\u011f\u0131 (Ya\u015fa Ba\u011fl\u0131 Makula Dejenerasyonu)<\/b> veya makula \u00f6deminde (diyabete ba\u011fl\u0131) s\u0131k\u00e7a g\u00f6r\u00fcl\u00fcr ve acil <b>retina muayenesi<\/b> gerektirir.<\/p><\/div>\n\t\t\t\t<\/div>\n\t\t\t\t\t\t\t<div class=\"elementor-accordion-item\">\n\t\t\t\t\t<h3 id=\"elementor-tab-title-2612\" class=\"elementor-tab-title\" data-tab=\"2\" role=\"button\" aria-controls=\"elementor-tab-content-2612\" aria-expanded=\"false\">\n\t\t\t\t\t\t\t\t\t\t\t\t\t<span class=\"elementor-accordion-icon elementor-accordion-icon-left\" aria-hidden=\"true\">\n\t\t\t\t\t\t\t\t\t\t\t\t\t\t\t<span class=\"elementor-accordion-icon-closed\"><svg class=\"e-font-icon-svg e-fas-plus\" viewBox=\"0 0 448 512\" xmlns=\"http:\/\/www.w3.org\/2000\/svg\"><path d=\"M416 208H272V64c0-17.67-14.33-32-32-32h-32c-17.67 0-32 14.33-32 32v144H32c-17.67 0-32 14.33-32 32v32c0 17.67 14.33 32 32 32h144v144c0 17.67 14.33 32 32 32h32c17.67 0 32-14.33 32-32V304h144c17.67 0 32-14.33 32-32v-32c0-17.67-14.33-32-32-32z\"><\/path><\/svg><\/span>\n\t\t\t\t\t\t\t\t<span class=\"elementor-accordion-icon-opened\"><svg class=\"e-font-icon-svg e-fas-minus\" viewBox=\"0 0 448 512\" xmlns=\"http:\/\/www.w3.org\/2000\/svg\"><path d=\"M416 208H32c-17.67 0-32 14.33-32 32v32c0 17.67 14.33 32 32 32h384c17.67 0 32-14.33 32-32v-32c0-17.67-14.33-32-32-32z\"><\/path><\/svg><\/span>\n\t\t\t\t\t\t\t\t\t\t\t\t\t\t<\/span>\n\t\t\t\t\t\t\t\t\t\t\t\t<a class=\"elementor-accordion-title\" tabindex=\"0\">G\u00f6rme alan\u0131nda u\u00e7u\u015fan noktalar (floater) ve \u0131\u015f\u0131k \u00e7akmalar\u0131 ne anlama gelir?<\/a>\n\t\t\t\t\t<\/h3>\n\t\t\t\t\t<div id=\"elementor-tab-content-2612\" class=\"elementor-tab-content elementor-clearfix\" data-tab=\"2\" role=\"region\" aria-labelledby=\"elementor-tab-title-2612\"><p>G\u00f6r\u00fc\u015f alan\u0131nda aniden artan <b>u\u00e7u\u015fan siyah noktac\u0131klar (floater)<\/b> ve <b>\u0131\u015f\u0131k \u00e7akmalar\u0131 (fotopsi)<\/b>, <b>retina y\u0131rt\u0131\u011f\u0131<\/b> veya <b>retina dekolman\u0131<\/b> olu\u015fumunun erken ve ciddi uyar\u0131 belirtileridir. Vitreus jelinin retinadan ayr\u0131lmas\u0131 s\u0131ras\u0131nda olu\u015fan bu durum, <b>kal\u0131c\u0131 k\u00f6rl\u00fck<\/b> riskini \u00f6nlemek i\u00e7in <b>acil<\/b> olarak uzman bir hekim taraf\u0131ndan de\u011ferlendirilmelidir.<\/p><\/div>\n\t\t\t\t<\/div>\n\t\t\t\t\t\t\t<div class=\"elementor-accordion-item\">\n\t\t\t\t\t<h3 id=\"elementor-tab-title-2613\" class=\"elementor-tab-title\" data-tab=\"3\" role=\"button\" aria-controls=\"elementor-tab-content-2613\" aria-expanded=\"false\">\n\t\t\t\t\t\t\t\t\t\t\t\t\t<span class=\"elementor-accordion-icon elementor-accordion-icon-left\" aria-hidden=\"true\">\n\t\t\t\t\t\t\t\t\t\t\t\t\t\t\t<span class=\"elementor-accordion-icon-closed\"><svg class=\"e-font-icon-svg e-fas-plus\" viewBox=\"0 0 448 512\" xmlns=\"http:\/\/www.w3.org\/2000\/svg\"><path d=\"M416 208H272V64c0-17.67-14.33-32-32-32h-32c-17.67 0-32 14.33-32 32v144H32c-17.67 0-32 14.33-32 32v32c0 17.67 14.33 32 32 32h144v144c0 17.67 14.33 32 32 32h32c17.67 0 32-14.33 32-32V304h144c17.67 0 32-14.33 32-32v-32c0-17.67-14.33-32-32-32z\"><\/path><\/svg><\/span>\n\t\t\t\t\t\t\t\t<span class=\"elementor-accordion-icon-opened\"><svg class=\"e-font-icon-svg e-fas-minus\" viewBox=\"0 0 448 512\" xmlns=\"http:\/\/www.w3.org\/2000\/svg\"><path d=\"M416 208H32c-17.67 0-32 14.33-32 32v32c0 17.67 14.33 32 32 32h384c17.67 0 32-14.33 32-32v-32c0-17.67-14.33-32-32-32z\"><\/path><\/svg><\/span>\n\t\t\t\t\t\t\t\t\t\t\t\t\t\t<\/span>\n\t\t\t\t\t\t\t\t\t\t\t\t<a class=\"elementor-accordion-title\" tabindex=\"0\">Diyabet hastalar\u0131 ne s\u0131kl\u0131kla retina muayenesi olmal\u0131d\u0131r?<\/a>\n\t\t\t\t\t<\/h3>\n\t\t\t\t\t<div id=\"elementor-tab-content-2613\" class=\"elementor-tab-content elementor-clearfix\" data-tab=\"3\" role=\"region\" aria-labelledby=\"elementor-tab-title-2613\"><p><b>Diyabetik retinopati<\/b>, <b>diyabet<\/b> hastalar\u0131nda k\u00f6rl\u00fc\u011f\u00fcn en yayg\u0131n nedenidir ve genellikle erken evrelerde belirti vermez. Bu nedenle, tip 1 diyabetlilerde tan\u0131 konulduktan 5 y\u0131l sonra, tip 2 diyabetlilerde ise tan\u0131 konuldu\u011fu anda ve sonras\u0131nda herhangi bir sorun olmasa bile <b>y\u0131lda en az bir kez<\/b> detayl\u0131 <b>retina muayenesi<\/b> olmalar\u0131 zorunludur.<\/p><\/div>\n\t\t\t\t<\/div>\n\t\t\t\t\t\t\t\t\t\t<script type=\"application\/ld+json\">{\"@context\":\"https:\\\/\\\/schema.org\",\"@type\":\"FAQPage\",\"mainEntity\":[{\"@type\":\"Question\",\"name\":\"D\\u00fcz \\u00e7izgilerin e\\u011fik veya k\\u0131r\\u0131k g\\u00f6r\\u00fclmesi hangi retina hastal\\u0131\\u011f\\u0131n\\u0131n belirtisidir?\",\"acceptedAnswer\":{\"@type\":\"Answer\",\"text\":\"<p>D\\u00fcz \\u00e7izgilerin e\\u011fik veya k\\u0131r\\u0131k g\\u00f6r\\u00fclmesi (<b>Metamorfopsi<\\\/b>), merkezi g\\u00f6rmeden sorumlu olan <b>makula<\\\/b> b\\u00f6lgesindeki bir hasar\\u0131n veya \\u00f6demin tipik belirtisidir. Bu durum, \\u00f6zellikle <b>Sar\\u0131 Nokta Hastal\\u0131\\u011f\\u0131 (Ya\\u015fa Ba\\u011fl\\u0131 Makula Dejenerasyonu)<\\\/b> veya makula \\u00f6deminde (diyabete ba\\u011fl\\u0131) s\\u0131k\\u00e7a g\\u00f6r\\u00fcl\\u00fcr ve acil <b>retina muayenesi<\\\/b> gerektirir.<\\\/p>\"}},{\"@type\":\"Question\",\"name\":\"G\\u00f6rme alan\\u0131nda u\\u00e7u\\u015fan noktalar (floater) ve \\u0131\\u015f\\u0131k \\u00e7akmalar\\u0131 ne anlama gelir?\",\"acceptedAnswer\":{\"@type\":\"Answer\",\"text\":\"<p>G\\u00f6r\\u00fc\\u015f alan\\u0131nda aniden artan <b>u\\u00e7u\\u015fan siyah noktac\\u0131klar (floater)<\\\/b> ve <b>\\u0131\\u015f\\u0131k \\u00e7akmalar\\u0131 (fotopsi)<\\\/b>, <b>retina y\\u0131rt\\u0131\\u011f\\u0131<\\\/b> veya <b>retina dekolman\\u0131<\\\/b> olu\\u015fumunun erken ve ciddi uyar\\u0131 belirtileridir. Vitreus jelinin retinadan ayr\\u0131lmas\\u0131 s\\u0131ras\\u0131nda olu\\u015fan bu durum, <b>kal\\u0131c\\u0131 k\\u00f6rl\\u00fck<\\\/b> riskini \\u00f6nlemek i\\u00e7in <b>acil<\\\/b> olarak uzman bir hekim taraf\\u0131ndan de\\u011ferlendirilmelidir.<\\\/p>\"}},{\"@type\":\"Question\",\"name\":\"Diyabet hastalar\\u0131 ne s\\u0131kl\\u0131kla retina muayenesi olmal\\u0131d\\u0131r?\",\"acceptedAnswer\":{\"@type\":\"Answer\",\"text\":\"<p><b>Diyabetik retinopati<\\\/b>, <b>diyabet<\\\/b> hastalar\\u0131nda k\\u00f6rl\\u00fc\\u011f\\u00fcn en yayg\\u0131n nedenidir ve genellikle erken evrelerde belirti vermez. Bu nedenle, tip 1 diyabetlilerde tan\\u0131 konulduktan 5 y\\u0131l sonra, tip 2 diyabetlilerde ise tan\\u0131 konuldu\\u011fu anda ve sonras\\u0131nda herhangi bir sorun olmasa bile <b>y\\u0131lda en az bir kez<\\\/b> detayl\\u0131 <b>retina muayenesi<\\\/b> olmalar\\u0131 zorunludur.<\\\/p>\"}}]}<\/script>\n\t\t\t\t\t<\/div>\n\t\t\t\t<\/div>\n\t\t\t\t<\/div>\n\t\t\t\t\t<\/div>\n\t\t\t\t<\/div>\n\t\t\t\t<\/div>\n\t\t","protected":false},"excerpt":{"rendered":"<p>Retina is a word derived from the Latin root &#8220;rete&#8221;, which means network. It refers to the last stage within&#8230;<\/p>\n","protected":false},"author":2,"featured_media":2245,"comment_status":"open","ping_status":"open","sticky":false,"template":"","format":"standard","meta":{"_monsterinsights_skip_tracking":false,"ngg_post_thumbnail":0,"footnotes":""},"categories":[46,113],"tags":[],"class_list":["post-88504","post","type-post","status-publish","format-standard","has-post-thumbnail","hentry","category-our-treatments","category-retina-hastaliklari-en"],"aioseo_notices":[],"_links":{"self":[{"href":"https:\/\/drcagatay.com\/en\/wp-json\/wp\/v2\/posts\/88504","targetHints":{"allow":["GET"]}}],"collection":[{"href":"https:\/\/drcagatay.com\/en\/wp-json\/wp\/v2\/posts"}],"about":[{"href":"https:\/\/drcagatay.com\/en\/wp-json\/wp\/v2\/types\/post"}],"author":[{"embeddable":true,"href":"https:\/\/drcagatay.com\/en\/wp-json\/wp\/v2\/users\/2"}],"replies":[{"embeddable":true,"href":"https:\/\/drcagatay.com\/en\/wp-json\/wp\/v2\/comments?post=88504"}],"version-history":[{"count":1,"href":"https:\/\/drcagatay.com\/en\/wp-json\/wp\/v2\/posts\/88504\/revisions"}],"predecessor-version":[{"id":89606,"href":"https:\/\/drcagatay.com\/en\/wp-json\/wp\/v2\/posts\/88504\/revisions\/89606"}],"wp:featuredmedia":[{"embeddable":true,"href":"https:\/\/drcagatay.com\/en\/wp-json\/wp\/v2\/media\/2245"}],"wp:attachment":[{"href":"https:\/\/drcagatay.com\/en\/wp-json\/wp\/v2\/media?parent=88504"}],"wp:term":[{"taxonomy":"category","embeddable":true,"href":"https:\/\/drcagatay.com\/en\/wp-json\/wp\/v2\/categories?post=88504"},{"taxonomy":"post_tag","embeddable":true,"href":"https:\/\/drcagatay.com\/en\/wp-json\/wp\/v2\/tags?post=88504"}],"curies":[{"name":"wp","href":"https:\/\/api.w.org\/{rel}","templated":true}]}}